
{"id":1917,"date":"2015-10-16T19:36:24","date_gmt":"2015-10-16T19:36:24","guid":{"rendered":"http:\/\/postcron.com\/pt\/blog\/?p=1917"},"modified":"2015-10-17T14:58:17","modified_gmt":"2015-10-17T14:58:17","slug":"visual-storytelling-como-chamar-a-atencao-no-facebook-atraves-de-imagens","status":"publish","type":"post","link":"https:\/\/postcron.com\/pt\/blog\/visual-storytelling-como-chamar-a-atencao-no-facebook-atraves-de-imagens\/","title":{"rendered":"Visual Storytelling: como CHAMAR A ATEN\u00c7\u00c3O no Facebook  atrav\u00e9s de imagens"},"content":{"rendered":"<p>Voc\u00ea j\u00e1 deve ter escutado muitas vezes a frase <em>uma imagem vale mais do que mil palavras<\/em>, n\u00e3o? No mundo do <strong><a href=\"http:\/\/localhost\/pt\/blog\/marketing-de-conteudo-post-de-qualidade-vs-massivo-vai-querer-o-que-moco\/\"><i>Content Marketing<\/i><\/a><\/strong> esta m\u00e1xima tamb\u00e9m vale. E \u00e9 exatamente esta imagem, aliada a uma boa <b>narrativa visual,<\/b> o vai fazer que o seu potencial cliente <b>entre para ver o seu conte\u00fado<\/b>.<\/p>\n<p><b>Ser diferente \u00e9 fundamental<\/b> e \u00e9 necess\u00e1rio chamar a aten\u00e7\u00e3o do p\u00fablico alvo. Ent\u00e3o, imagine a seguinte situa\u00e7\u00e3o: o seu potencial cliente entra no facebook e come\u00e7a a fazer <b>scrolling<\/b> (girar a rodinha do mouse infinitamente procurando algo interessante). Neste momento, o mais importante \u00e9 se <em>destacar no mar de publica\u00e7\u00f5es<\/em> e fazer com que o usu\u00e1rio clique no seu link.<\/p>\n<p style=\"text-align: center\"><a href=\"https:\/\/s3.postcron.com\/blog-pt\/2015\/10\/011.jpg\"><img fetchpriority=\"high\" decoding=\"async\" class=\"aligncenter wp-image-1918 size-full\" src=\"https:\/\/s3.postcron.com\/blog-pt\/2015\/10\/011.jpg\" alt=\"visual storytelling\" width=\"676\" height=\"492\" \/><\/a><i> As imagens materializam a fantasia de quem conta uma hist\u00f3ria<\/i><\/p>\n<p>A boa not\u00edcia? Sabemos que as imagens <i>s\u00e3o capazes de se destacar no news feed <\/i>e conseguir criar uma pausa nessa <b>leitura vertical<\/b>. \u00c9 exatamente sobre esta oportunidade que eu quero falar, <b>como chamar a aten\u00e7\u00e3o com suas postagens para Facebook<\/b>. Ent\u00e3o: como fazer que seu conte\u00fado se destaque?<\/p>\n<h2>Visual StoryTelling como potencial recurso<\/h2>\n<p>O visual Storytelling \u00e9 um dos recursos que mais potencializa narrativas e cria \u00a0engajamento por parte dos seus clientes. <i>As imagens \u201cmostram\u201d, n\u00e3o \u201cdizem\u201d<\/i>. \u00a0Isso significa que voc\u00ea pode ir direto ao <b>ponto emocional<\/b> da sua audi\u00eancia e melhorar os seus resultados, al\u00e9m de gerar participa\u00e7\u00e3o. Parece simples, mas n\u00e3o \u00e9 t\u00e3o f\u00e1cil: <em>voc\u00ea tem que contar uma hist\u00f3ria com imagens<\/em>.<\/p>\n<p style=\"text-align: center\"><a href=\"https:\/\/s3.postcron.com\/blog-pt\/2015\/10\/visual-storytelling.gif\"><img decoding=\"async\" class=\"aligncenter wp-image-1920 size-full\" src=\"https:\/\/s3.postcron.com\/blog-pt\/2015\/10\/visual-storytelling.gif\" alt=\"narrativa visual\" width=\"500\" height=\"400\" \/><\/a><\/p>\n<p>Ao conseguir romper essa barreira, a consequ\u00eancia \u00e9 o que todos n\u00f3s, que trabalhamos com Content Marketing, queremos: agregar valor \u00e0 marca,<b> ampliar o tr\u00e1fego<\/b> e aumentar as convers\u00f5es.<\/p>\n<p>Por que deixar de lado o poder da imagem? Se podemos fazer que nosso conte\u00fado seja mais interessante, devemos complement\u00e1-lo com fotos, gr\u00e1ficos, ilustra\u00e7\u00f5es. E se o problema for comprar uma foto, o que n\u00e3o falta \u00e9<a href=\"http:\/\/localhost\/pt\/blog\/marca-dagua-no-facebook\/\"> banco de imagens gratuito<\/a> na internet, com fotos de qualidade e adequadas para praticamente todos os usos.<\/p>\n<p>A <b>narrativa visual<\/b> contribui para que o conte\u00fado seja mais interessante e completo. \u00a0Mas, al\u00e9m das caracter\u00edsticas relacionadas \u00e0 imagem, veja algumas estat\u00edsticas que ilustram o que quero dizer:<\/p>\n<p style=\"margin-left: 40px\"><strong>1.<\/strong> Os v\u00eddeos s\u00e3o compartilhados 12 vezes mais no Facebook do que as mensagens de texto e links combinadas.<\/p>\n<p style=\"margin-left: 40px\"><strong>2.<\/strong> 93% das publica\u00e7\u00f5es que geram mais engajamento no Facebook possuem imagens.<\/p>\n<p style=\"margin-left: 40px\"><strong>3.\u00a0<\/strong> As imagens (fotos, infogr\u00e1ficos, GIFs e etc) s\u00e3o o componente mais importante para a otimiza\u00e7\u00e3o de posts de social media.<\/p>\n<p style=\"margin-left: 40px\"><a href=\"https:\/\/s3.postcron.com\/blog-pt\/2015\/10\/graf-facebook.png\"><img decoding=\"async\" class=\"alignnone size-full wp-image-1921\" src=\"https:\/\/s3.postcron.com\/blog-pt\/2015\/10\/graf-facebook.png\" alt=\"visual storytellin&#096;\" width=\"671\" height=\"322\" \/><\/a><\/p>\n<p>Resumindo, inserir imagens que criam ou refor\u00e7am uma narrativa no seu post do Facebook <strong>aumentar\u00e1 a intera\u00e7\u00e3o com os seus f\u00e3s<\/strong>, mesmo se o seu p\u00fablico alvo <em>passa pouco tempo na internet<\/em>. Na web h\u00e1 v\u00e1rios <b>bancos de imagens free<\/b> \u00e0 disposi\u00e7\u00e3o pra voc\u00ea escolher a foto que ajude a contar as suas hist\u00f3rias.<\/p>\n<h2>Recursos para criar sua Visual Storytelling e aumentar a atividade no seu Facebook<\/h2>\n<p>Ante de qualquer coisa, \u00e9 importante que voc\u00ea <i>conhe\u00e7a a sua audi\u00eancia e planeje que estilo de imagem vai usar<\/i>. O tipo de foto, de publicidade ou de qualquer elemento visual que seja publicado em sua fanpage deve necessariamente estar <i>alinhado \u00e0 est\u00e9tica com a qual o seu p\u00fablico alvo se identifica<\/i>.<\/p>\n<p>Caso sua audi\u00eancia seja moderna e ligada \u00e0s novas tend\u00eancias, as imagens devem representar novas est\u00e9ticas e elementos gr\u00e1ficos surpreendentes. J\u00e1 se seu p\u00fablico \u00e9 conservador, uma imagem muito chocante pode <em>dificultar a conex\u00e3o<\/em>. \u00c9 aqui onde a escolha correta comp\u00f5e um diferencial: <b>conhecer a sua audi\u00eancia significa brindar-lhe conte\u00fado adequado.<\/b><\/p>\n<p>Mas, al\u00e9m da est\u00e9tica da imagem, h\u00e1 abordagens que podem marcar a diferen\u00e7a e criar uma rela\u00e7\u00e3o mais \u00edntima com os seus seguidores. Vejamos alguns <b>tipos de fotos<\/b> que podem lhe aproximar de quem est\u00e1 do outro lado:<\/p>\n<h2>#01. A nova vedete do Facebook: os GIFs<\/h2>\n<p>Voc\u00ea deve ter notado que os <strong>GIFs<\/strong> est\u00e3o se popularizando no Facebook &#8211; aqui no blog do <strong><a href=\"http:\/\/postcron.com\">PostCron<\/a><\/strong> j\u00e1 faz \u00e9 tempo, \u00d3! N\u00e3o faz muito tempo que este tipo de formato foi liberado pela maior rede social do mundo, mas \u00e9 dif\u00edcil entrar e n\u00e3o ver pelo menos um GIF no seu feed.<\/p>\n<p style=\"text-align: center\"><a href=\"https:\/\/s3.postcron.com\/blog-pt\/2015\/10\/gif-rules.gif\"><img loading=\"lazy\" decoding=\"async\" class=\"size-full wp-image-1922 aligncenter\" src=\"https:\/\/s3.postcron.com\/blog-pt\/2015\/10\/gif-rules.gif\" alt=\"narrativa visual\" width=\"500\" height=\"281\" \/><\/a><\/p>\n<p>Um GIF une <em>dois pontos muito interessantes<\/em>. Em <strong>primeiro lugar<\/strong>, faz com que o usu\u00e1rio pare um pouco de fazer scrolling e crie uma expectativa sobre o que vai aparecer na anima\u00e7\u00e3o. Em <strong>segundo lugar<\/strong>, permite surpreender e agregar outros elementos como textos e a\u00e7\u00f5es curiosas.<\/p>\n<p>N\u00e3o s\u00e3o muitas as empresas que est\u00e3o trabalhando com esse recurso, o que refor\u00e7a a oportunidade de voc\u00ea ser um dos pioneiros no campo e agregar mais valor \u00e0 sua marca. Um bom exemplo \u00e9 a rede Wendy`s:<\/p>\n<p style=\"text-align: center\"><a href=\"https:\/\/www.facebook.com\/wendys\/posts\/10153637443204489\"><img loading=\"lazy\" decoding=\"async\" class=\"aligncenter wp-image-1925 size-full\" src=\"https:\/\/s3.postcron.com\/blog-pt\/2015\/10\/wendy.png\" alt=\"visual storytelling\" width=\"492\" height=\"478\" \/><\/a><\/p>\n<p>O efeito \u00e9 como o final do famoso jogo de computador, paci\u00eancia, que exibe as cartas formando cascatas na tela. O resultado foi nada menos do que <strong>10.000 curtidas<\/strong>. Se quiser ver de perto, <em>clique na imagem acima<\/em>.<\/p>\n<h2>#02. Mostre a cultura interna da empresa<\/h2>\n<p><b>Sabe o que o cliente quer?<\/b> \u00a0Al\u00e9m de consumir o seu produto, ele <b>quer saber quem voc\u00eas s\u00e3o<\/b>! A rela\u00e7\u00e3o de intimidade deve ser criada a partir da exibi\u00e7\u00e3o de a\u00e7\u00f5es internas da empresa. Ou seja, como voc\u00ea se relaciona, o que acontece nos bastidores da sua marca, ali\u00e1s, marca que ele escolheu pra consumir.<\/p>\n<p><strong>Aposte no registro do que acontece entre a equipe durante algum momento otimista<\/strong>, como durante as conquistas. Voc\u00eas tamb\u00e9m podem compartilhar imagens que tenham que ver com responsabilidade social, ecologia, caridade e quaisquer outros valores que voc\u00ea saiba que o seu p\u00fablico valoriza.<\/p>\n<p>Ao exibir a cultura interna, voc\u00ea ganha confian\u00e7a do seu p\u00fablico, e isso pode acontecer em v\u00e1rios n\u00edveis, mas o seu Team tem que figurar nas imagens para criar uma rela\u00e7\u00e3o de empatia com os f\u00e3s, \u00e1vidos para saber o que \u00e9 que r\u00f3la na sua empresa. Veja s\u00f3 esta imagem da The Home Depot:<\/p>\n<p style=\"text-align: center\"><a href=\"https:\/\/s3.postcron.com\/blog-pt\/2015\/10\/03.jpg\"><img loading=\"lazy\" decoding=\"async\" class=\"aligncenter wp-image-1879 size-full\" src=\"https:\/\/s3.postcron.com\/blog-pt\/2015\/10\/03.jpg\" alt=\"visual storytelling\" width=\"453\" height=\"458\" \/><\/a><\/p>\n<p>H\u00e1 v\u00e1rios elementos relevantes: o casal que se abra\u00e7a, pessoas sorrindo, a bandeira dos Estados Unidos, flores, etc. Uma imagem agrad\u00e1vel, um momento feliz, o backstage que o cliente s\u00f3 conhece se voc\u00ea mostrar. E ele apreciar\u00e1 saber que voc\u00ea compartilha a intimidade, <b>significa que est\u00e1 \u00e0 vontade e a rela\u00e7\u00e3o \u00e9 transparente<\/b>!<\/p>\n<h2>#03. Deixe que sua mascote seja seu porta voz<\/h2>\n<p><strong>Quem n\u00e3o curte uma mascote<\/strong>? Principalmente uma <em>fofinha e carism\u00e1tica<\/em>. Agora, imagine s\u00f3 o poder de um s\u00edmbolo assim fazendo maravilhas por voc\u00ea no Facebook tamb\u00e9m. De fato \u00e9 um \u00edcone que d\u00e1 rosto e personalidade \u00e0 sua marca e, de certa forma, \u00e9 uma das imagens que os clientes come\u00e7am a relacionar a voc\u00ea.<\/p>\n<p>Quem trabalha com <strong>p\u00fablico infantil<\/strong> deve considerar realmente apostar na cria\u00e7\u00e3o de uma mascote. Mas, em praticamente todos os casos, o s\u00edmbolo correto pode dar um push \u00e0 marca e aumentar o envolvimento, inclusive fora da internet.<\/p>\n<p>Uma mascote pode at\u00e9 ter <strong>mais influ\u00eancia sobre no engagement do que uma celebridade<\/strong>. \u00c9 \u00f3bvio que a mesma deve estar bem pensada e ser trabalhada a longo prazo, nada acontece por milagre. E por falar em caso de sucesso, queria mostrar o exemplo do Aflac Duck:<\/p>\n<p style=\"text-align: center\"><a href=\"https:\/\/s3.postcron.com\/blog-pt\/2015\/10\/aflacduck.png\"><img loading=\"lazy\" decoding=\"async\" class=\"aligncenter wp-image-1926 size-full\" src=\"https:\/\/s3.postcron.com\/blog-pt\/2015\/10\/aflacduck.png\" alt=\"narrativa visual\" width=\"437\" height=\"700\" \/><\/a><\/p>\n<h2>#04. Compartilhe conte\u00fado criado pelos seus f\u00e3ns<\/h2>\n<p>Nada melhor do que <em>mostrar pros seus f\u00e3s que voc\u00ea admira a sua participa\u00e7\u00e3o do que compartilhar os conte\u00fados que eles enviaram<\/em> \u2013 e n\u00e3o esque\u00e7a de marc\u00e1-los nas publica\u00e7\u00f5es. Imediatamente, o seu cliente se sente inclu\u00eddo e cria-se uma rela\u00e7\u00e3o de <strong>familiaridade e afinidade<\/strong>.<\/p>\n<p>Ou seja, se voc\u00ea permite que um seguidor \u201cfale\u201d por sua marca, fica mais do que claro que voc\u00ea<strong> confia no que ele est\u00e1 dizendo e tamb\u00e9m curte o que eles publicam<\/strong>. Ah,se ligue que, no Face, o <em>boca-a-boca<\/em> vale muito, e leva mais gente \u00e0s suas publica\u00e7\u00f5es do que algumas campanhas financiadas.<\/p>\n<p>Se a id\u00e9ia \u00e9 criar uma conex\u00e3o emocional, compartilhar conte\u00fados dos seus f\u00e3s \u00e9, definitivamente, uma boa op\u00e7\u00e3o. Voc\u00ea pode at\u00e9 incentiv\u00e1-los a mandarem imagens e informar que esse material ser\u00e1 compartilhado em sua linha do tempo.<\/p>\n<p>Um bom exemplo dessa pr\u00e1tica? D\u00e1 uma olhada no que a Starbucks fez:<\/p>\n<p style=\"text-align: center\"><a href=\"https:\/\/s3.postcron.com\/blog-pt\/2015\/10\/051.png\"><img loading=\"lazy\" decoding=\"async\" class=\"size-full wp-image-1928 aligncenter\" src=\"https:\/\/s3.postcron.com\/blog-pt\/2015\/10\/051.png\" alt=\"narrativa visual\" width=\"500\" height=\"540\" \/><\/a><\/p>\n<p>O simples fato de compartilhar uma imagem enviada por um cliente gerou uma <strong>resposta massiva na comunidade<\/strong>, nada menos que 80.000 curtidas, 1.400 vezes compartilhada e com mais de 350 coment\u00e1rios!<\/p>\n<h2>#05. Aproveite o poder dos v\u00eddeos<\/h2>\n<p>Se voc\u00ea s\u00f3 acredita \u201cvendo\u201d, saiba que oito dos dez posts mais virais no Facebook do ano passado tinham um v\u00eddeo no seu conte\u00fado. \u00c9 nessas horas que a estat\u00edstica n\u00e3o mente.<\/p>\n<p><strong>Nada melhor do que unir o poder do texto \u00e0 narrativa visual<\/strong>. Imagem + a\u00e7\u00e3o podem fazer verdadeiros milagres. E, al\u00e9m disso, n\u00e3o deixa de ser uma \u00f3tima maneira de informar em detalhe quais s\u00e3o os benef\u00edcios do seu produto \u2013 e aproveitar pra agregar mensagens que voc\u00ea queira transmitir. Produtos e servi\u00e7os n\u00e3o s\u00e3o o \u00fanico assunto de interesse, voc\u00ea pode falar da hist\u00f3ria da marca, eventos, campanhas internas. Vale tudo \u2013 ou quase tudo &#8211; para <strong>diminuir a dist\u00e2ncia entre voc\u00ea e sua audi\u00eancia<\/strong>.<\/p>\n<p>E pra entender \u00a0melhor o conceito, voc\u00ea pode dar uma olhada na rede e procurar empresas que agregam valor a suas marcas dessa forma. Um exemplo \u00e9 a Samsung:<\/p>\n<p style=\"text-align: center\"><a href=\"https:\/\/s3.postcron.com\/blog-pt\/2015\/10\/061.jpg\"><img loading=\"lazy\" decoding=\"async\" class=\"aligncenter wp-image-1929 size-full\" src=\"https:\/\/s3.postcron.com\/blog-pt\/2015\/10\/061.jpg\" alt=\"visual storytelling\" width=\"487\" height=\"400\" \/><\/a><\/p>\n<p>O mais importante \u00e9 que a maioria de suas mensagens com v\u00eddeos t\u00eam uma resposta importante dos f\u00e3s.<\/p>\n<h2>O poder das imagens<\/h2>\n<p>N\u00e3o subestime o poder da imagem em suas publica\u00e7\u00f5es no Facebook! Crie suas pr\u00f3prias fotos ou recorra a um <a href=\"http:\/\/localhost\/pt\/blog\/os-50-melhores-bancos-de-imagens-gratis-legais\/\"><b>banco de imagens gratuito<\/b><\/a> e fa\u00e7a algumas provas. Pense na sua experi\u00eancia como usu\u00e1rio da plataforma e veja com mais aten\u00e7\u00e3o os posts que s\u00e3o sucesso na rede, voc\u00ea vai ver que imagens atraentes e criativas s\u00e3o uma forma direta para diminuir dist\u00e2ncias e aumentar o engagement em suas comunidades!<\/p>\n<p style=\"text-align: center\"><a href=\"https:\/\/s3.postcron.com\/blog-pt\/2015\/10\/heman.jpg\"><img loading=\"lazy\" decoding=\"async\" class=\"wp-image-1930 size-thumbnail aligncenter\" src=\"https:\/\/s3.postcron.com\/blog-pt\/2015\/10\/heman-150x150.jpg\" alt=\"visual storytelling\" width=\"150\" height=\"150\" \/><\/a><\/p>\n","protected":false},"excerpt":{"rendered":"<p>Voc\u00ea j\u00e1 deve ter escutado muitas vezes a frase uma imagem vale mais do que mil palavras, n\u00e3o? No mundo do Content Marketing esta m\u00e1xima tamb\u00e9m vale. E \u00e9 exatamente esta imagem, aliada a uma boa narrativa visual, o vai fazer que o seu potencial cliente entre para ver o seu conte\u00fado. Ser diferente \u00e9 [&hellip;]<\/p>\n","protected":false},"author":11,"featured_media":0,"comment_status":"open","ping_status":"open","sticky":false,"template":"","format":"standard","meta":{"two_page_speed":[],"footnotes":""},"categories":[],"tags":[],"class_list":["post-1917","post","type-post","status-publish","format-standard","hentry"],"yoast_head":"<!-- This site is optimized with the Yoast SEO plugin v24.9 - https:\/\/yoast.com\/wordpress\/plugins\/seo\/ -->\n<title>Visual Storytelling: como CHAMAR A ATEN\u00c7\u00c3O no Facebook atrav\u00e9s de imagens - Blogs de Postcron | Blog de Marketing Digital e Social Media<\/title>\n<meta name=\"robots\" content=\"index, follow, max-snippet:-1, max-image-preview:large, max-video-preview:-1\" \/>\n<link rel=\"canonical\" href=\"https:\/\/postcron.com\/pt\/blog\/visual-storytelling-como-chamar-a-atencao-no-facebook-atraves-de-imagens\/\" \/>\n<meta property=\"og:locale\" content=\"pt_BR\" \/>\n<meta property=\"og:type\" content=\"article\" \/>\n<meta property=\"og:title\" content=\"Visual Storytelling: como CHAMAR A ATEN\u00c7\u00c3O no Facebook atrav\u00e9s de imagens - Blogs de Postcron | Blog de Marketing Digital e Social Media\" \/>\n<meta property=\"og:description\" content=\"Voc\u00ea j\u00e1 deve ter escutado muitas vezes a frase uma imagem vale mais do que mil palavras, n\u00e3o? No mundo do Content Marketing esta m\u00e1xima tamb\u00e9m vale. E \u00e9 exatamente esta imagem, aliada a uma boa narrativa visual, o vai fazer que o seu potencial cliente entre para ver o seu conte\u00fado. Ser diferente \u00e9 [&hellip;]\" \/>\n<meta property=\"og:url\" content=\"https:\/\/postcron.com\/pt\/blog\/visual-storytelling-como-chamar-a-atencao-no-facebook-atraves-de-imagens\/\" \/>\n<meta property=\"og:site_name\" content=\"Blogs de Postcron | Blog de Marketing Digital e Social Media\" \/>\n<meta property=\"article:published_time\" content=\"2015-10-16T19:36:24+00:00\" \/>\n<meta property=\"article:modified_time\" content=\"2015-10-17T14:58:17+00:00\" \/>\n<meta property=\"og:image\" content=\"https:\/\/s3.postcron.com\/blog-pt\/2015\/10\/011.jpg\" \/>\n<meta name=\"author\" content=\"Julio Paiva\" \/>\n<meta name=\"twitter:card\" content=\"summary_large_image\" \/>\n<meta name=\"twitter:label1\" content=\"Escrito por\" \/>\n\t<meta name=\"twitter:data1\" content=\"Julio Paiva\" \/>\n\t<meta name=\"twitter:label2\" content=\"Est. tempo de leitura\" \/>\n\t<meta name=\"twitter:data2\" content=\"8 minutos\" \/>\n<script type=\"application\/ld+json\" class=\"yoast-schema-graph\">{\"@context\":\"https:\/\/schema.org\",\"@graph\":[{\"@type\":\"WebPage\",\"@id\":\"https:\/\/postcron.com\/pt\/blog\/visual-storytelling-como-chamar-a-atencao-no-facebook-atraves-de-imagens\/\",\"url\":\"https:\/\/postcron.com\/pt\/blog\/visual-storytelling-como-chamar-a-atencao-no-facebook-atraves-de-imagens\/\",\"name\":\"Visual Storytelling: como CHAMAR A ATEN\u00c7\u00c3O no Facebook atrav\u00e9s de imagens - Blogs de Postcron | Blog de Marketing Digital e Social Media\",\"isPartOf\":{\"@id\":\"https:\/\/postcron.com\/pt\/blog\/#website\"},\"primaryImageOfPage\":{\"@id\":\"https:\/\/postcron.com\/pt\/blog\/visual-storytelling-como-chamar-a-atencao-no-facebook-atraves-de-imagens\/#primaryimage\"},\"image\":{\"@id\":\"https:\/\/postcron.com\/pt\/blog\/visual-storytelling-como-chamar-a-atencao-no-facebook-atraves-de-imagens\/#primaryimage\"},\"thumbnailUrl\":\"https:\/\/s3.postcron.com\/blog-pt\/2015\/10\/011.jpg\",\"datePublished\":\"2015-10-16T19:36:24+00:00\",\"dateModified\":\"2015-10-17T14:58:17+00:00\",\"author\":{\"@id\":\"https:\/\/postcron.com\/pt\/blog\/#\/schema\/person\/7f7d6befcb0313c8712f8fcef5934322\"},\"breadcrumb\":{\"@id\":\"https:\/\/postcron.com\/pt\/blog\/visual-storytelling-como-chamar-a-atencao-no-facebook-atraves-de-imagens\/#breadcrumb\"},\"inLanguage\":\"pt-BR\",\"potentialAction\":[{\"@type\":\"ReadAction\",\"target\":[\"https:\/\/postcron.com\/pt\/blog\/visual-storytelling-como-chamar-a-atencao-no-facebook-atraves-de-imagens\/\"]}]},{\"@type\":\"ImageObject\",\"inLanguage\":\"pt-BR\",\"@id\":\"https:\/\/postcron.com\/pt\/blog\/visual-storytelling-como-chamar-a-atencao-no-facebook-atraves-de-imagens\/#primaryimage\",\"url\":\"https:\/\/s3.postcron.com\/blog-pt\/2015\/10\/011.jpg\",\"contentUrl\":\"https:\/\/s3.postcron.com\/blog-pt\/2015\/10\/011.jpg\"},{\"@type\":\"BreadcrumbList\",\"@id\":\"https:\/\/postcron.com\/pt\/blog\/visual-storytelling-como-chamar-a-atencao-no-facebook-atraves-de-imagens\/#breadcrumb\",\"itemListElement\":[{\"@type\":\"ListItem\",\"position\":1,\"name\":\"In\u00edcio\",\"item\":\"https:\/\/postcron.com\/pt\/blog\/\"},{\"@type\":\"ListItem\",\"position\":2,\"name\":\"Visual Storytelling: como CHAMAR A ATEN\u00c7\u00c3O no Facebook atrav\u00e9s de imagens\"}]},{\"@type\":\"WebSite\",\"@id\":\"https:\/\/postcron.com\/pt\/blog\/#website\",\"url\":\"https:\/\/postcron.com\/pt\/blog\/\",\"name\":\"Blogs de Postcron | Blog de Marketing Digital e Social Media\",\"description\":\"\",\"potentialAction\":[{\"@type\":\"SearchAction\",\"target\":{\"@type\":\"EntryPoint\",\"urlTemplate\":\"https:\/\/postcron.com\/pt\/blog\/?s={search_term_string}\"},\"query-input\":{\"@type\":\"PropertyValueSpecification\",\"valueRequired\":true,\"valueName\":\"search_term_string\"}}],\"inLanguage\":\"pt-BR\"},{\"@type\":\"Person\",\"@id\":\"https:\/\/postcron.com\/pt\/blog\/#\/schema\/person\/7f7d6befcb0313c8712f8fcef5934322\",\"name\":\"Julio Paiva\",\"image\":{\"@type\":\"ImageObject\",\"inLanguage\":\"pt-BR\",\"@id\":\"https:\/\/postcron.com\/pt\/blog\/#\/schema\/person\/image\/\",\"url\":\"https:\/\/secure.gravatar.com\/avatar\/b9c3b6aa9870a5d03985105d89c206d4?s=96&d=mm&r=g\",\"contentUrl\":\"https:\/\/secure.gravatar.com\/avatar\/b9c3b6aa9870a5d03985105d89c206d4?s=96&d=mm&r=g\",\"caption\":\"Julio Paiva\"},\"sameAs\":[\"https:\/\/www.postcron.com\"],\"url\":\"https:\/\/postcron.com\/pt\/blog\/author\/julio-paivac\/\"}]}<\/script>\n<!-- \/ Yoast SEO plugin. -->","yoast_head_json":{"title":"Visual Storytelling: como CHAMAR A ATEN\u00c7\u00c3O no Facebook atrav\u00e9s de imagens - Blogs de Postcron | Blog de Marketing Digital e Social Media","robots":{"index":"index","follow":"follow","max-snippet":"max-snippet:-1","max-image-preview":"max-image-preview:large","max-video-preview":"max-video-preview:-1"},"canonical":"https:\/\/postcron.com\/pt\/blog\/visual-storytelling-como-chamar-a-atencao-no-facebook-atraves-de-imagens\/","og_locale":"pt_BR","og_type":"article","og_title":"Visual Storytelling: como CHAMAR A ATEN\u00c7\u00c3O no Facebook atrav\u00e9s de imagens - Blogs de Postcron | Blog de Marketing Digital e Social Media","og_description":"Voc\u00ea j\u00e1 deve ter escutado muitas vezes a frase uma imagem vale mais do que mil palavras, n\u00e3o? No mundo do Content Marketing esta m\u00e1xima tamb\u00e9m vale. E \u00e9 exatamente esta imagem, aliada a uma boa narrativa visual, o vai fazer que o seu potencial cliente entre para ver o seu conte\u00fado. Ser diferente \u00e9 [&hellip;]","og_url":"https:\/\/postcron.com\/pt\/blog\/visual-storytelling-como-chamar-a-atencao-no-facebook-atraves-de-imagens\/","og_site_name":"Blogs de Postcron | Blog de Marketing Digital e Social Media","article_published_time":"2015-10-16T19:36:24+00:00","article_modified_time":"2015-10-17T14:58:17+00:00","og_image":[{"url":"https:\/\/s3.postcron.com\/blog-pt\/2015\/10\/011.jpg","type":"","width":"","height":""}],"author":"Julio Paiva","twitter_card":"summary_large_image","twitter_misc":{"Escrito por":"Julio Paiva","Est. tempo de leitura":"8 minutos"},"schema":{"@context":"https:\/\/schema.org","@graph":[{"@type":"WebPage","@id":"https:\/\/postcron.com\/pt\/blog\/visual-storytelling-como-chamar-a-atencao-no-facebook-atraves-de-imagens\/","url":"https:\/\/postcron.com\/pt\/blog\/visual-storytelling-como-chamar-a-atencao-no-facebook-atraves-de-imagens\/","name":"Visual Storytelling: como CHAMAR A ATEN\u00c7\u00c3O no Facebook atrav\u00e9s de imagens - Blogs de Postcron | Blog de Marketing Digital e Social Media","isPartOf":{"@id":"https:\/\/postcron.com\/pt\/blog\/#website"},"primaryImageOfPage":{"@id":"https:\/\/postcron.com\/pt\/blog\/visual-storytelling-como-chamar-a-atencao-no-facebook-atraves-de-imagens\/#primaryimage"},"image":{"@id":"https:\/\/postcron.com\/pt\/blog\/visual-storytelling-como-chamar-a-atencao-no-facebook-atraves-de-imagens\/#primaryimage"},"thumbnailUrl":"https:\/\/s3.postcron.com\/blog-pt\/2015\/10\/011.jpg","datePublished":"2015-10-16T19:36:24+00:00","dateModified":"2015-10-17T14:58:17+00:00","author":{"@id":"https:\/\/postcron.com\/pt\/blog\/#\/schema\/person\/7f7d6befcb0313c8712f8fcef5934322"},"breadcrumb":{"@id":"https:\/\/postcron.com\/pt\/blog\/visual-storytelling-como-chamar-a-atencao-no-facebook-atraves-de-imagens\/#breadcrumb"},"inLanguage":"pt-BR","potentialAction":[{"@type":"ReadAction","target":["https:\/\/postcron.com\/pt\/blog\/visual-storytelling-como-chamar-a-atencao-no-facebook-atraves-de-imagens\/"]}]},{"@type":"ImageObject","inLanguage":"pt-BR","@id":"https:\/\/postcron.com\/pt\/blog\/visual-storytelling-como-chamar-a-atencao-no-facebook-atraves-de-imagens\/#primaryimage","url":"https:\/\/s3.postcron.com\/blog-pt\/2015\/10\/011.jpg","contentUrl":"https:\/\/s3.postcron.com\/blog-pt\/2015\/10\/011.jpg"},{"@type":"BreadcrumbList","@id":"https:\/\/postcron.com\/pt\/blog\/visual-storytelling-como-chamar-a-atencao-no-facebook-atraves-de-imagens\/#breadcrumb","itemListElement":[{"@type":"ListItem","position":1,"name":"In\u00edcio","item":"https:\/\/postcron.com\/pt\/blog\/"},{"@type":"ListItem","position":2,"name":"Visual Storytelling: como CHAMAR A ATEN\u00c7\u00c3O no Facebook atrav\u00e9s de imagens"}]},{"@type":"WebSite","@id":"https:\/\/postcron.com\/pt\/blog\/#website","url":"https:\/\/postcron.com\/pt\/blog\/","name":"Blogs de Postcron | Blog de Marketing Digital e Social Media","description":"","potentialAction":[{"@type":"SearchAction","target":{"@type":"EntryPoint","urlTemplate":"https:\/\/postcron.com\/pt\/blog\/?s={search_term_string}"},"query-input":{"@type":"PropertyValueSpecification","valueRequired":true,"valueName":"search_term_string"}}],"inLanguage":"pt-BR"},{"@type":"Person","@id":"https:\/\/postcron.com\/pt\/blog\/#\/schema\/person\/7f7d6befcb0313c8712f8fcef5934322","name":"Julio Paiva","image":{"@type":"ImageObject","inLanguage":"pt-BR","@id":"https:\/\/postcron.com\/pt\/blog\/#\/schema\/person\/image\/","url":"https:\/\/secure.gravatar.com\/avatar\/b9c3b6aa9870a5d03985105d89c206d4?s=96&d=mm&r=g","contentUrl":"https:\/\/secure.gravatar.com\/avatar\/b9c3b6aa9870a5d03985105d89c206d4?s=96&d=mm&r=g","caption":"Julio Paiva"},"sameAs":["https:\/\/www.postcron.com"],"url":"https:\/\/postcron.com\/pt\/blog\/author\/julio-paivac\/"}]}},"_links":{"self":[{"href":"https:\/\/postcron.com\/pt\/blog\/wp-json\/wp\/v2\/posts\/1917","targetHints":{"allow":["GET"]}}],"collection":[{"href":"https:\/\/postcron.com\/pt\/blog\/wp-json\/wp\/v2\/posts"}],"about":[{"href":"https:\/\/postcron.com\/pt\/blog\/wp-json\/wp\/v2\/types\/post"}],"author":[{"embeddable":true,"href":"https:\/\/postcron.com\/pt\/blog\/wp-json\/wp\/v2\/users\/11"}],"replies":[{"embeddable":true,"href":"https:\/\/postcron.com\/pt\/blog\/wp-json\/wp\/v2\/comments?post=1917"}],"version-history":[{"count":11,"href":"https:\/\/postcron.com\/pt\/blog\/wp-json\/wp\/v2\/posts\/1917\/revisions"}],"predecessor-version":[{"id":1938,"href":"https:\/\/postcron.com\/pt\/blog\/wp-json\/wp\/v2\/posts\/1917\/revisions\/1938"}],"wp:attachment":[{"href":"https:\/\/postcron.com\/pt\/blog\/wp-json\/wp\/v2\/media?parent=1917"}],"wp:term":[{"taxonomy":"category","embeddable":true,"href":"https:\/\/postcron.com\/pt\/blog\/wp-json\/wp\/v2\/categories?post=1917"},{"taxonomy":"post_tag","embeddable":true,"href":"https:\/\/postcron.com\/pt\/blog\/wp-json\/wp\/v2\/tags?post=1917"}],"curies":[{"name":"wp","href":"https:\/\/api.w.org\/{rel}","templated":true}]}}